{"id":2880,"date":"2023-07-28T13:39:23","date_gmt":"2023-07-28T11:39:23","guid":{"rendered":"https:\/\/estelle-beaute.fr\/di-adios-a-las-rojeces-las-mejores-cremas-antirojeces-para-calmar-y-uniformizar-tu-piel\/"},"modified":"2025-12-18T14:45:33","modified_gmt":"2025-12-18T13:45:33","slug":"di-adios-a-las-rojeces-las-mejores-cremas-antirojeces-para-calmar-y-uniformizar-tu-piel","status":"publish","type":"post","link":"https:\/\/estelle-beaute.fr\/es\/di-adios-a-las-rojeces-las-mejores-cremas-antirojeces-para-calmar-y-uniformizar-tu-piel\/","title":{"rendered":"Di adi\u00f3s a las rojeces: las mejores cremas antirojeces para calmar y uniformizar tu piel"},"content":{"rendered":"\n<p>El enrojecimiento de la cara puede ser una verdadera preocupaci\u00f3n est\u00e9tica y, a veces, incluso una fuente de incomodidad. Si lo padeces, debes saber que existen soluciones para remediarlo, entre ellas <strong>las cremas antienrojecimiento<\/strong>. En este art\u00edculo, exploraremos las distintas opciones que tienes a tu disposici\u00f3n y descubriremos c\u00f3mo encontrar la mejor crema para tu tipo de piel.<\/p>\n\n<h2 class=\"wp-block-heading\">Comprender las causas del enrojecimiento<\/h2>\n\n<p>Antes de examinar las cremas antienrojecimiento, es importante comprender por qu\u00e9 aparecen. El enrojecimiento suele deberse a :<\/p>\n\n<ul class=\"wp-block-list\">\n<li>Una reacci\u00f3n al\u00e9rgica o irritaci\u00f3n cut\u00e1nea<\/li>\n\n\n\n<li>Cambios hormonales<\/li>\n\n\n\n<li>Exposici\u00f3n al sol o al fr\u00edo<\/li>\n\n\n\n<li>Consumo de alcohol o comida picante<\/li>\n\n\n\n<li>Estr\u00e9s<\/li>\n\n\n\n<li>La ros\u00e1cea, una afecci\u00f3n dermatol\u00f3gica cr\u00f3nica<\/li>\n<\/ul>\n\n<p>Como cada caso es \u00fanico, es esencial consultar a un dermat\u00f3logo para determinar la causa exacta de tu enrojecimiento y recibir consejos adaptados a tu situaci\u00f3n.<\/p>\n\n<figure class=\"wp-block-image size-large\"><img loading=\"lazy\" decoding=\"async\" width=\"1024\" height=\"576\" src=\"https:\/\/www.estelle-beaute.fr\/wp-content\/uploads\/2023\/07\/articles-pbn-1-2-1024x576.jpg\" alt=\"cuidado de la piel\" class=\"wp-image-28\" srcset=\"https:\/\/estelle-beaute.fr\/wp-content\/uploads\/2023\/07\/articles-pbn-1-2-1024x576.jpg 1024w, https:\/\/estelle-beaute.fr\/wp-content\/uploads\/2023\/07\/articles-pbn-1-2-300x169.jpg 300w, https:\/\/estelle-beaute.fr\/wp-content\/uploads\/2023\/07\/articles-pbn-1-2-768x432.jpg 768w, https:\/\/estelle-beaute.fr\/wp-content\/uploads\/2023\/07\/articles-pbn-1-2-1536x864.jpg 1536w, https:\/\/estelle-beaute.fr\/wp-content\/uploads\/2023\/07\/articles-pbn-1-2.jpg 1920w\" sizes=\"auto, (max-width: 1024px) 100vw, 1024px\" \/><\/figure>\n\n<h2 class=\"wp-block-heading\">Los principales ingredientes que hay que buscar en una crema antienrojecimiento<\/h2>\n\n<p>Para combatir m\u00e1s eficazmente las rojeces, es importante prestar atenci\u00f3n a los <strong>ingredientes que contienen las cremas<\/strong>. He aqu\u00ed algunos de los principios activos m\u00e1s utilizados para calmar y reducir las rojeces:<\/p>\n\n<ul class=\"wp-block-list\">\n<li><strong>Alanto\u00edna:<\/strong> agente calmante con propiedades antiinflamatorias e hidratantes.<\/li>\n\n\n\n<li><strong>Bisabolol:<\/strong> extra\u00eddo de la manzanilla, tiene propiedades calmantes y antiirritantes.<\/li>\n\n\n\n<li><strong>Niacinamida:<\/strong> tambi\u00e9n conocida como vitamina B3, refuerza la barrera cut\u00e1nea y mejora la elasticidad de la piel.<\/li>\n\n\n\n<li><strong>Extracto de regaliz:<\/strong> reconocido por sus propiedades antiinflamatorias y antioxidantes, ayuda a aliviar la irritaci\u00f3n y el enrojecimiento.<\/li>\n\n\n\n<li><strong>Aloe vera:<\/strong> hidrata, suaviza y calma la piel gracias a su alto contenido en vitaminas y minerales.<\/li>\n<\/ul>\n\n<p>Estos ingredientes pueden combinarse en una crema para maximizar sus efectos beneficiosos sobre la piel. Adem\u00e1s, algunas f\u00f3rmulas tambi\u00e9n contienen pigmentos verdes que ayudan a neutralizar visualmente el enrojecimiento.<\/p>\n\n<figure class=\"wp-block-image size-large\"><img loading=\"lazy\" decoding=\"async\" width=\"1024\" height=\"576\" src=\"https:\/\/www.estelle-beaute.fr\/wp-content\/uploads\/2023\/07\/articles-pbn-4-1-1024x576.jpg\" alt=\"crema facial\" class=\"wp-image-29\" srcset=\"https:\/\/estelle-beaute.fr\/wp-content\/uploads\/2023\/07\/articles-pbn-4-1-1024x576.jpg 1024w, https:\/\/estelle-beaute.fr\/wp-content\/uploads\/2023\/07\/articles-pbn-4-1-300x169.jpg 300w, https:\/\/estelle-beaute.fr\/wp-content\/uploads\/2023\/07\/articles-pbn-4-1-768x432.jpg 768w, https:\/\/estelle-beaute.fr\/wp-content\/uploads\/2023\/07\/articles-pbn-4-1-1536x864.jpg 1536w, https:\/\/estelle-beaute.fr\/wp-content\/uploads\/2023\/07\/articles-pbn-4-1.jpg 1920w\" sizes=\"auto, (max-width: 1024px) 100vw, 1024px\" \/><\/figure>\n\n<h2 class=\"wp-block-heading\">Algunas sugerencias de cremas antienrojecimiento<\/h2>\n\n<p>Ahora que ya sabes qu\u00e9 ingredientes debes buscar, aqu\u00ed tienes algunas sugerencias de cremas antienrojecimiento disponibles en el mercado:<\/p>\n\n<h3 class=\"wp-block-heading\">Institut Esthederm &#8211; Tratamiento de d\u00eda aclarante reparador<\/h3>\n\n<p>Esta crema Institut Esthederm combina varios principios activos calmantes y reparadores, como la niacinamida, la alanto\u00edna y el extracto de regaliz. Ayuda a reducir las rojeces a la vez que hidrata y unifica la tez.<\/p>\n\n<h3 class=\"wp-block-heading\">Dermatalex &#8211; Crema para eczema at\u00f3pico<\/h3>\n\n<p>Especialmente formulada para pieles propensas a eccemas y rojeces, esta crema contiene bisabolol, aloe vera y vitamina E para calmar y proteger la piel. Tambi\u00e9n es adecuado para pieles sensibles y puede utilizarse a diario.<\/p>\n\n<figure class=\"wp-block-image size-large\"><img loading=\"lazy\" decoding=\"async\" width=\"1024\" height=\"576\" src=\"https:\/\/www.estelle-beaute.fr\/wp-content\/uploads\/2023\/07\/articles-pbn-5-1024x576.jpg\" alt=\"cuidado de la piel\" class=\"wp-image-30\" srcset=\"https:\/\/estelle-beaute.fr\/wp-content\/uploads\/2023\/07\/articles-pbn-5-1024x576.jpg 1024w, https:\/\/estelle-beaute.fr\/wp-content\/uploads\/2023\/07\/articles-pbn-5-300x169.jpg 300w, https:\/\/estelle-beaute.fr\/wp-content\/uploads\/2023\/07\/articles-pbn-5-768x432.jpg 768w, https:\/\/estelle-beaute.fr\/wp-content\/uploads\/2023\/07\/articles-pbn-5-1536x864.jpg 1536w, https:\/\/estelle-beaute.fr\/wp-content\/uploads\/2023\/07\/articles-pbn-5.jpg 1920w\" sizes=\"auto, (max-width: 1024px) 100vw, 1024px\" \/><\/figure>\n\n<h2 class=\"wp-block-heading\">C\u00f3mo aplicar una crema antirojeces<\/h2>\n\n<p>Para maximizar los efectos de una crema antienrojecimiento, es importante seguir unas sencillas reglas al aplicarla:<\/p>\n\n<ol class=\"wp-block-list\">\n<li>Limpia tu rostro con un producto suave que no contenga perfume ni alcohol.<\/li>\n\n\n\n<li>Aplica la crema sobre la piel seca, evitando el contorno de los ojos.<\/li>\n\n\n\n<li>Masajea suavemente con movimientos circulares para que los principios activos penetren en la piel.<\/li>\n\n\n\n<li>Utiliza la crema a diario, ma\u00f1ana y noche, para obtener mejores resultados.<\/li>\n<\/ol>\n\n<p>Recuerda que cada persona es diferente, y que es esencial <strong>probar la crema en una peque\u00f1a zona de la piel<\/strong> antes de aplicarla en toda la cara. Si notas alguna reacci\u00f3n adversa, consulta inmediatamente a un dermat\u00f3logo.<\/p>\n\n<p>Las cremas antirojeces pueden ser de gran ayuda para mejorar el aspecto y el confort de tu piel. Si eliges un producto adecuado a tus necesidades y sigues las instrucciones de aplicaci\u00f3n, tendr\u00e1s todas las posibilidades de recuperar un cutis fresco y radiante.<\/p>\n","protected":false},"excerpt":{"rendered":"<p>El enrojecimiento de la cara puede ser una verdadera preocupaci\u00f3n est\u00e9tica y, a veces, incluso una fuente de incomodidad. Si lo padeces, debes saber que existen soluciones para remediarlo, entre ellas las cremas antienrojecimiento. En este art\u00edculo, exploraremos las distintas opciones que tienes a tu disposici\u00f3n y descubriremos c\u00f3mo encontrar la mejor crema para tu &#8230; <a title=\"Di adi\u00f3s a las rojeces: las mejores cremas antirojeces para calmar y uniformizar tu piel\" class=\"read-more\" href=\"https:\/\/estelle-beaute.fr\/es\/di-adios-a-las-rojeces-las-mejores-cremas-antirojeces-para-calmar-y-uniformizar-tu-piel\/\" aria-label=\"Leer m\u00e1s sobre Di adi\u00f3s a las rojeces: las mejores cremas antirojeces para calmar y uniformizar tu piel\">Leer m\u00e1s<\/a><\/p>\n","protected":false},"author":1,"featured_media":2881,"comment_status":"open","ping_status":"open","sticky":false,"template":"","format":"standard","meta":{"footnotes":""},"categories":[117,114],"tags":[],"class_list":["post-2880","post","type-post","status-publish","format-standard","has-post-thumbnail","hentry","category-atencion","category-belleza"],"yoast_head":"<!-- This site is optimized with the Yoast SEO plugin v24.0 - https:\/\/yoast.com\/wordpress\/plugins\/seo\/ -->\n<title>Di adi\u00f3s a las rojeces: las mejores cremas antirojeces para calmar y uniformizar tu piel - Estelle Beaut\u00e9<\/title>\n<meta name=\"robots\" content=\"index, follow, max-snippet:-1, max-image-preview:large, max-video-preview:-1\" \/>\n<link rel=\"canonical\" href=\"https:\/\/estelle-beaute.fr\/es\/di-adios-a-las-rojeces-las-mejores-cremas-antirojeces-para-calmar-y-uniformizar-tu-piel\/\" \/>\n<meta property=\"og:locale\" content=\"es_ES\" \/>\n<meta property=\"og:type\" content=\"article\" \/>\n<meta property=\"og:title\" content=\"Di adi\u00f3s a las rojeces: las mejores cremas antirojeces para calmar y uniformizar tu piel - Estelle Beaut\u00e9\" \/>\n<meta property=\"og:description\" content=\"El enrojecimiento de la cara puede ser una verdadera preocupaci\u00f3n est\u00e9tica y, a veces, incluso una fuente de incomodidad. Si lo padeces, debes saber que existen soluciones para remediarlo, entre ellas las cremas antienrojecimiento. En este art\u00edculo, exploraremos las distintas opciones que tienes a tu disposici\u00f3n y descubriremos c\u00f3mo encontrar la mejor crema para tu ... Leer m\u00e1s\" \/>\n<meta property=\"og:url\" content=\"https:\/\/estelle-beaute.fr\/es\/di-adios-a-las-rojeces-las-mejores-cremas-antirojeces-para-calmar-y-uniformizar-tu-piel\/\" \/>\n<meta property=\"og:site_name\" content=\"Estelle Beaut\u00e9\" \/>\n<meta property=\"article:published_time\" content=\"2023-07-28T11:39:23+00:00\" \/>\n<meta property=\"article:modified_time\" content=\"2025-12-18T13:45:33+00:00\" \/>\n<meta property=\"og:image\" content=\"https:\/\/estelle-beaute.fr\/wp-content\/uploads\/2023\/07\/articles-pbn-2-2.jpg\" \/>\n\t<meta property=\"og:image:width\" content=\"1920\" \/>\n\t<meta property=\"og:image:height\" content=\"1080\" \/>\n\t<meta property=\"og:image:type\" content=\"image\/jpeg\" \/>\n<meta name=\"author\" content=\"estelle-beaute\" \/>\n<meta name=\"twitter:card\" content=\"summary_large_image\" \/>\n<meta name=\"twitter:label1\" content=\"Escrito por\" \/>\n\t<meta name=\"twitter:data1\" content=\"estelle-beaute\" \/>\n\t<meta name=\"twitter:label2\" content=\"Tiempo de lectura\" \/>\n\t<meta name=\"twitter:data2\" content=\"3 minutos\" \/>\n<script type=\"application\/ld+json\" class=\"yoast-schema-graph\">{\"@context\":\"https:\/\/schema.org\",\"@graph\":[{\"@type\":\"Article\",\"@id\":\"https:\/\/estelle-beaute.fr\/es\/di-adios-a-las-rojeces-las-mejores-cremas-antirojeces-para-calmar-y-uniformizar-tu-piel\/#article\",\"isPartOf\":{\"@id\":\"https:\/\/estelle-beaute.fr\/es\/di-adios-a-las-rojeces-las-mejores-cremas-antirojeces-para-calmar-y-uniformizar-tu-piel\/\"},\"author\":{\"name\":\"estelle-beaute\",\"@id\":\"https:\/\/estelle-beaute.fr\/es\/#\/schema\/person\/78d87ce70522aee53cfb037f3620926a\"},\"headline\":\"Di adi\u00f3s a las rojeces: las mejores cremas antirojeces para calmar y uniformizar tu piel\",\"datePublished\":\"2023-07-28T11:39:23+00:00\",\"dateModified\":\"2025-12-18T13:45:33+00:00\",\"mainEntityOfPage\":{\"@id\":\"https:\/\/estelle-beaute.fr\/es\/di-adios-a-las-rojeces-las-mejores-cremas-antirojeces-para-calmar-y-uniformizar-tu-piel\/\"},\"wordCount\":592,\"commentCount\":0,\"publisher\":{\"@id\":\"https:\/\/estelle-beaute.fr\/es\/#organization\"},\"image\":{\"@id\":\"https:\/\/estelle-beaute.fr\/es\/di-adios-a-las-rojeces-las-mejores-cremas-antirojeces-para-calmar-y-uniformizar-tu-piel\/#primaryimage\"},\"thumbnailUrl\":\"https:\/\/estelle-beaute.fr\/wp-content\/uploads\/2023\/07\/articles-pbn-2-2.jpg\",\"articleSection\":[\"Atenci\u00f3n\",\"Belleza\"],\"inLanguage\":\"es\",\"potentialAction\":[{\"@type\":\"CommentAction\",\"name\":\"Comment\",\"target\":[\"https:\/\/estelle-beaute.fr\/es\/di-adios-a-las-rojeces-las-mejores-cremas-antirojeces-para-calmar-y-uniformizar-tu-piel\/#respond\"]}]},{\"@type\":\"WebPage\",\"@id\":\"https:\/\/estelle-beaute.fr\/es\/di-adios-a-las-rojeces-las-mejores-cremas-antirojeces-para-calmar-y-uniformizar-tu-piel\/\",\"url\":\"https:\/\/estelle-beaute.fr\/es\/di-adios-a-las-rojeces-las-mejores-cremas-antirojeces-para-calmar-y-uniformizar-tu-piel\/\",\"name\":\"Di adi\u00f3s a las rojeces: las mejores cremas antirojeces para calmar y uniformizar tu piel - Estelle Beaut\u00e9\",\"isPartOf\":{\"@id\":\"https:\/\/estelle-beaute.fr\/es\/#website\"},\"primaryImageOfPage\":{\"@id\":\"https:\/\/estelle-beaute.fr\/es\/di-adios-a-las-rojeces-las-mejores-cremas-antirojeces-para-calmar-y-uniformizar-tu-piel\/#primaryimage\"},\"image\":{\"@id\":\"https:\/\/estelle-beaute.fr\/es\/di-adios-a-las-rojeces-las-mejores-cremas-antirojeces-para-calmar-y-uniformizar-tu-piel\/#primaryimage\"},\"thumbnailUrl\":\"https:\/\/estelle-beaute.fr\/wp-content\/uploads\/2023\/07\/articles-pbn-2-2.jpg\",\"datePublished\":\"2023-07-28T11:39:23+00:00\",\"dateModified\":\"2025-12-18T13:45:33+00:00\",\"breadcrumb\":{\"@id\":\"https:\/\/estelle-beaute.fr\/es\/di-adios-a-las-rojeces-las-mejores-cremas-antirojeces-para-calmar-y-uniformizar-tu-piel\/#breadcrumb\"},\"inLanguage\":\"es\",\"potentialAction\":[{\"@type\":\"ReadAction\",\"target\":[\"https:\/\/estelle-beaute.fr\/es\/di-adios-a-las-rojeces-las-mejores-cremas-antirojeces-para-calmar-y-uniformizar-tu-piel\/\"]}]},{\"@type\":\"ImageObject\",\"inLanguage\":\"es\",\"@id\":\"https:\/\/estelle-beaute.fr\/es\/di-adios-a-las-rojeces-las-mejores-cremas-antirojeces-para-calmar-y-uniformizar-tu-piel\/#primaryimage\",\"url\":\"https:\/\/estelle-beaute.fr\/wp-content\/uploads\/2023\/07\/articles-pbn-2-2.jpg\",\"contentUrl\":\"https:\/\/estelle-beaute.fr\/wp-content\/uploads\/2023\/07\/articles-pbn-2-2.jpg\",\"width\":1920,\"height\":1080,\"caption\":\"crema facial\"},{\"@type\":\"BreadcrumbList\",\"@id\":\"https:\/\/estelle-beaute.fr\/es\/di-adios-a-las-rojeces-las-mejores-cremas-antirojeces-para-calmar-y-uniformizar-tu-piel\/#breadcrumb\",\"itemListElement\":[{\"@type\":\"ListItem\",\"position\":1,\"name\":\"Accueil\",\"item\":\"https:\/\/estelle-beaute.fr\/es\/blog-de-belleza-secretos-de-la-piel-consejos-antiedad-y-mucho-mas\/\"},{\"@type\":\"ListItem\",\"position\":2,\"name\":\"Di adi\u00f3s a las rojeces: las mejores cremas antirojeces para calmar y uniformizar tu piel\"}]},{\"@type\":\"WebSite\",\"@id\":\"https:\/\/estelle-beaute.fr\/es\/#website\",\"url\":\"https:\/\/estelle-beaute.fr\/es\/\",\"name\":\"Estelle Beaut\u00e9\",\"description\":\"\",\"publisher\":{\"@id\":\"https:\/\/estelle-beaute.fr\/es\/#organization\"},\"potentialAction\":[{\"@type\":\"SearchAction\",\"target\":{\"@type\":\"EntryPoint\",\"urlTemplate\":\"https:\/\/estelle-beaute.fr\/es\/?s={search_term_string}\"},\"query-input\":{\"@type\":\"PropertyValueSpecification\",\"valueRequired\":true,\"valueName\":\"search_term_string\"}}],\"inLanguage\":\"es\"},{\"@type\":\"Organization\",\"@id\":\"https:\/\/estelle-beaute.fr\/es\/#organization\",\"name\":\"Estelle Beaut\u00e9\",\"url\":\"https:\/\/estelle-beaute.fr\/es\/\",\"logo\":{\"@type\":\"ImageObject\",\"inLanguage\":\"es\",\"@id\":\"https:\/\/estelle-beaute.fr\/es\/#\/schema\/logo\/image\/\",\"url\":\"https:\/\/estelle-beaute.fr\/wp-content\/uploads\/2023\/07\/cropped-cropped-pbn.png\",\"contentUrl\":\"https:\/\/estelle-beaute.fr\/wp-content\/uploads\/2023\/07\/cropped-cropped-pbn.png\",\"width\":411,\"height\":294,\"caption\":\"Estelle Beaut\u00e9\"},\"image\":{\"@id\":\"https:\/\/estelle-beaute.fr\/es\/#\/schema\/logo\/image\/\"}},{\"@type\":\"Person\",\"@id\":\"https:\/\/estelle-beaute.fr\/es\/#\/schema\/person\/78d87ce70522aee53cfb037f3620926a\",\"name\":\"estelle-beaute\",\"image\":{\"@type\":\"ImageObject\",\"inLanguage\":\"es\",\"@id\":\"https:\/\/estelle-beaute.fr\/es\/#\/schema\/person\/image\/\",\"url\":\"https:\/\/secure.gravatar.com\/avatar\/d455e3a9ffab365baea6a8f87f78503bc50bf10046c24beaac9566f23dcc5250?s=96&d=mm&r=g\",\"contentUrl\":\"https:\/\/secure.gravatar.com\/avatar\/d455e3a9ffab365baea6a8f87f78503bc50bf10046c24beaac9566f23dcc5250?s=96&d=mm&r=g\",\"caption\":\"estelle-beaute\"},\"sameAs\":[\"https:\/\/www.estelle-beaute.fr\"],\"url\":\"https:\/\/estelle-beaute.fr\/es\/author\/estelle-beaute\/\"}]}<\/script>\n<!-- \/ Yoast SEO plugin. -->","yoast_head_json":{"title":"Di adi\u00f3s a las rojeces: las mejores cremas antirojeces para calmar y uniformizar tu piel - Estelle Beaut\u00e9","robots":{"index":"index","follow":"follow","max-snippet":"max-snippet:-1","max-image-preview":"max-image-preview:large","max-video-preview":"max-video-preview:-1"},"canonical":"https:\/\/estelle-beaute.fr\/es\/di-adios-a-las-rojeces-las-mejores-cremas-antirojeces-para-calmar-y-uniformizar-tu-piel\/","og_locale":"es_ES","og_type":"article","og_title":"Di adi\u00f3s a las rojeces: las mejores cremas antirojeces para calmar y uniformizar tu piel - Estelle Beaut\u00e9","og_description":"El enrojecimiento de la cara puede ser una verdadera preocupaci\u00f3n est\u00e9tica y, a veces, incluso una fuente de incomodidad. Si lo padeces, debes saber que existen soluciones para remediarlo, entre ellas las cremas antienrojecimiento. En este art\u00edculo, exploraremos las distintas opciones que tienes a tu disposici\u00f3n y descubriremos c\u00f3mo encontrar la mejor crema para tu ... Leer m\u00e1s","og_url":"https:\/\/estelle-beaute.fr\/es\/di-adios-a-las-rojeces-las-mejores-cremas-antirojeces-para-calmar-y-uniformizar-tu-piel\/","og_site_name":"Estelle Beaut\u00e9","article_published_time":"2023-07-28T11:39:23+00:00","article_modified_time":"2025-12-18T13:45:33+00:00","og_image":[{"width":1920,"height":1080,"url":"https:\/\/estelle-beaute.fr\/wp-content\/uploads\/2023\/07\/articles-pbn-2-2.jpg","type":"image\/jpeg"}],"author":"estelle-beaute","twitter_card":"summary_large_image","twitter_misc":{"Escrito por":"estelle-beaute","Tiempo de lectura":"3 minutos"},"schema":{"@context":"https:\/\/schema.org","@graph":[{"@type":"Article","@id":"https:\/\/estelle-beaute.fr\/es\/di-adios-a-las-rojeces-las-mejores-cremas-antirojeces-para-calmar-y-uniformizar-tu-piel\/#article","isPartOf":{"@id":"https:\/\/estelle-beaute.fr\/es\/di-adios-a-las-rojeces-las-mejores-cremas-antirojeces-para-calmar-y-uniformizar-tu-piel\/"},"author":{"name":"estelle-beaute","@id":"https:\/\/estelle-beaute.fr\/es\/#\/schema\/person\/78d87ce70522aee53cfb037f3620926a"},"headline":"Di adi\u00f3s a las rojeces: las mejores cremas antirojeces para calmar y uniformizar tu piel","datePublished":"2023-07-28T11:39:23+00:00","dateModified":"2025-12-18T13:45:33+00:00","mainEntityOfPage":{"@id":"https:\/\/estelle-beaute.fr\/es\/di-adios-a-las-rojeces-las-mejores-cremas-antirojeces-para-calmar-y-uniformizar-tu-piel\/"},"wordCount":592,"commentCount":0,"publisher":{"@id":"https:\/\/estelle-beaute.fr\/es\/#organization"},"image":{"@id":"https:\/\/estelle-beaute.fr\/es\/di-adios-a-las-rojeces-las-mejores-cremas-antirojeces-para-calmar-y-uniformizar-tu-piel\/#primaryimage"},"thumbnailUrl":"https:\/\/estelle-beaute.fr\/wp-content\/uploads\/2023\/07\/articles-pbn-2-2.jpg","articleSection":["Atenci\u00f3n","Belleza"],"inLanguage":"es","potentialAction":[{"@type":"CommentAction","name":"Comment","target":["https:\/\/estelle-beaute.fr\/es\/di-adios-a-las-rojeces-las-mejores-cremas-antirojeces-para-calmar-y-uniformizar-tu-piel\/#respond"]}]},{"@type":"WebPage","@id":"https:\/\/estelle-beaute.fr\/es\/di-adios-a-las-rojeces-las-mejores-cremas-antirojeces-para-calmar-y-uniformizar-tu-piel\/","url":"https:\/\/estelle-beaute.fr\/es\/di-adios-a-las-rojeces-las-mejores-cremas-antirojeces-para-calmar-y-uniformizar-tu-piel\/","name":"Di adi\u00f3s a las rojeces: las mejores cremas antirojeces para calmar y uniformizar tu piel - Estelle Beaut\u00e9","isPartOf":{"@id":"https:\/\/estelle-beaute.fr\/es\/#website"},"primaryImageOfPage":{"@id":"https:\/\/estelle-beaute.fr\/es\/di-adios-a-las-rojeces-las-mejores-cremas-antirojeces-para-calmar-y-uniformizar-tu-piel\/#primaryimage"},"image":{"@id":"https:\/\/estelle-beaute.fr\/es\/di-adios-a-las-rojeces-las-mejores-cremas-antirojeces-para-calmar-y-uniformizar-tu-piel\/#primaryimage"},"thumbnailUrl":"https:\/\/estelle-beaute.fr\/wp-content\/uploads\/2023\/07\/articles-pbn-2-2.jpg","datePublished":"2023-07-28T11:39:23+00:00","dateModified":"2025-12-18T13:45:33+00:00","breadcrumb":{"@id":"https:\/\/estelle-beaute.fr\/es\/di-adios-a-las-rojeces-las-mejores-cremas-antirojeces-para-calmar-y-uniformizar-tu-piel\/#breadcrumb"},"inLanguage":"es","potentialAction":[{"@type":"ReadAction","target":["https:\/\/estelle-beaute.fr\/es\/di-adios-a-las-rojeces-las-mejores-cremas-antirojeces-para-calmar-y-uniformizar-tu-piel\/"]}]},{"@type":"ImageObject","inLanguage":"es","@id":"https:\/\/estelle-beaute.fr\/es\/di-adios-a-las-rojeces-las-mejores-cremas-antirojeces-para-calmar-y-uniformizar-tu-piel\/#primaryimage","url":"https:\/\/estelle-beaute.fr\/wp-content\/uploads\/2023\/07\/articles-pbn-2-2.jpg","contentUrl":"https:\/\/estelle-beaute.fr\/wp-content\/uploads\/2023\/07\/articles-pbn-2-2.jpg","width":1920,"height":1080,"caption":"crema facial"},{"@type":"BreadcrumbList","@id":"https:\/\/estelle-beaute.fr\/es\/di-adios-a-las-rojeces-las-mejores-cremas-antirojeces-para-calmar-y-uniformizar-tu-piel\/#breadcrumb","itemListElement":[{"@type":"ListItem","position":1,"name":"Accueil","item":"https:\/\/estelle-beaute.fr\/es\/blog-de-belleza-secretos-de-la-piel-consejos-antiedad-y-mucho-mas\/"},{"@type":"ListItem","position":2,"name":"Di adi\u00f3s a las rojeces: las mejores cremas antirojeces para calmar y uniformizar tu piel"}]},{"@type":"WebSite","@id":"https:\/\/estelle-beaute.fr\/es\/#website","url":"https:\/\/estelle-beaute.fr\/es\/","name":"Estelle Beaut\u00e9","description":"","publisher":{"@id":"https:\/\/estelle-beaute.fr\/es\/#organization"},"potentialAction":[{"@type":"SearchAction","target":{"@type":"EntryPoint","urlTemplate":"https:\/\/estelle-beaute.fr\/es\/?s={search_term_string}"},"query-input":{"@type":"PropertyValueSpecification","valueRequired":true,"valueName":"search_term_string"}}],"inLanguage":"es"},{"@type":"Organization","@id":"https:\/\/estelle-beaute.fr\/es\/#organization","name":"Estelle Beaut\u00e9","url":"https:\/\/estelle-beaute.fr\/es\/","logo":{"@type":"ImageObject","inLanguage":"es","@id":"https:\/\/estelle-beaute.fr\/es\/#\/schema\/logo\/image\/","url":"https:\/\/estelle-beaute.fr\/wp-content\/uploads\/2023\/07\/cropped-cropped-pbn.png","contentUrl":"https:\/\/estelle-beaute.fr\/wp-content\/uploads\/2023\/07\/cropped-cropped-pbn.png","width":411,"height":294,"caption":"Estelle Beaut\u00e9"},"image":{"@id":"https:\/\/estelle-beaute.fr\/es\/#\/schema\/logo\/image\/"}},{"@type":"Person","@id":"https:\/\/estelle-beaute.fr\/es\/#\/schema\/person\/78d87ce70522aee53cfb037f3620926a","name":"estelle-beaute","image":{"@type":"ImageObject","inLanguage":"es","@id":"https:\/\/estelle-beaute.fr\/es\/#\/schema\/person\/image\/","url":"https:\/\/secure.gravatar.com\/avatar\/d455e3a9ffab365baea6a8f87f78503bc50bf10046c24beaac9566f23dcc5250?s=96&d=mm&r=g","contentUrl":"https:\/\/secure.gravatar.com\/avatar\/d455e3a9ffab365baea6a8f87f78503bc50bf10046c24beaac9566f23dcc5250?s=96&d=mm&r=g","caption":"estelle-beaute"},"sameAs":["https:\/\/www.estelle-beaute.fr"],"url":"https:\/\/estelle-beaute.fr\/es\/author\/estelle-beaute\/"}]}},"_links":{"self":[{"href":"https:\/\/estelle-beaute.fr\/es\/wp-json\/wp\/v2\/posts\/2880","targetHints":{"allow":["GET"]}}],"collection":[{"href":"https:\/\/estelle-beaute.fr\/es\/wp-json\/wp\/v2\/posts"}],"about":[{"href":"https:\/\/estelle-beaute.fr\/es\/wp-json\/wp\/v2\/types\/post"}],"author":[{"embeddable":true,"href":"https:\/\/estelle-beaute.fr\/es\/wp-json\/wp\/v2\/users\/1"}],"replies":[{"embeddable":true,"href":"https:\/\/estelle-beaute.fr\/es\/wp-json\/wp\/v2\/comments?post=2880"}],"version-history":[{"count":1,"href":"https:\/\/estelle-beaute.fr\/es\/wp-json\/wp\/v2\/posts\/2880\/revisions"}],"predecessor-version":[{"id":2885,"href":"https:\/\/estelle-beaute.fr\/es\/wp-json\/wp\/v2\/posts\/2880\/revisions\/2885"}],"wp:featuredmedia":[{"embeddable":true,"href":"https:\/\/estelle-beaute.fr\/es\/wp-json\/wp\/v2\/media\/2881"}],"wp:attachment":[{"href":"https:\/\/estelle-beaute.fr\/es\/wp-json\/wp\/v2\/media?parent=2880"}],"wp:term":[{"taxonomy":"category","embeddable":true,"href":"https:\/\/estelle-beaute.fr\/es\/wp-json\/wp\/v2\/categories?post=2880"},{"taxonomy":"post_tag","embeddable":true,"href":"https:\/\/estelle-beaute.fr\/es\/wp-json\/wp\/v2\/tags?post=2880"}],"curies":[{"name":"wp","href":"https:\/\/api.w.org\/{rel}","templated":true}]}}