{"id":2874,"date":"2023-07-28T14:24:14","date_gmt":"2023-07-28T12:24:14","guid":{"rendered":"https:\/\/estelle-beaute.fr\/di-adios-al-vello-no-deseado-las-mejores-depiladoras-para-la-cara\/"},"modified":"2025-12-18T14:45:33","modified_gmt":"2025-12-18T13:45:33","slug":"di-adios-al-vello-no-deseado-las-mejores-depiladoras-para-la-cara","status":"publish","type":"post","link":"https:\/\/estelle-beaute.fr\/es\/di-adios-al-vello-no-deseado-las-mejores-depiladoras-para-la-cara\/","title":{"rendered":"Di adi\u00f3s al vello no deseado: Las mejores depiladoras para la cara"},"content":{"rendered":"\n<p><strong>Las depiladoras faciales<\/strong> se han convertido en una parte esencial de toda rutina de belleza. Eliminan eficazmente el vello facial y ofrecen una soluci\u00f3n r\u00e1pida y duradera para mantener la piel suave y limpia. Descubre los distintos tipos de depiladoras faciales, junto con sus ventajas y consejos de uso.  <\/p>\n\n<h2 class=\"wp-block-heading\">Los distintos tipos de depiladora facial<\/h2>\n\n<p>Existen varios tipos de depiladoras faciales, que difieren en su funcionamiento y eficacia. He aqu\u00ed algunos ejemplos: <\/p>\n\n<ul class=\"wp-block-list\">\n<li><strong>Depiladora el\u00e9ctrica:<\/strong> Esta depiladora utiliza discos giratorios o pinzas para agarrar y arrancar el vello de ra\u00edz. Est\u00e1 especialmente indicada para depilar las cejas y zonas sensibles como el labio superior. <\/li>\n\n\n\n<li><strong>Depiladora de cejas:<\/strong> La depiladora de cejas es una opci\u00f3n r\u00e1pida y pr\u00e1ctica para depilar las cejas con seguridad. Tiene una cuchilla peque\u00f1a y muy fina y un mango ergon\u00f3mico para facilitar su uso. <\/li>\n\n\n\n<li><strong>Afeitadora facial:<\/strong> La afeitadora facial es ideal para eliminar el vello fino y esponjoso de toda la cara. Su sistema de corte garantiza una depilaci\u00f3n sin dolor y sin riesgo de cortes. <\/li>\n\n\n\n<li><strong>Aparato depilador:<\/strong> Con cera caliente o fr\u00eda, este aparato es ideal para depilar las cejas, la barbilla y el labio superior. Es especialmente apreciado por su eficacia duradera. <\/li>\n<\/ul>\n\n<figure class=\"wp-block-image size-large\"><img loading=\"lazy\" decoding=\"async\" width=\"1024\" height=\"576\" src=\"https:\/\/www.estelle-beaute.fr\/wp-content\/uploads\/2023\/07\/articles-pbn-7-1024x576.jpg\" alt=\"cera facial\" class=\"wp-image-33\" srcset=\"https:\/\/estelle-beaute.fr\/wp-content\/uploads\/2023\/07\/articles-pbn-7-1024x576.jpg 1024w, https:\/\/estelle-beaute.fr\/wp-content\/uploads\/2023\/07\/articles-pbn-7-300x169.jpg 300w, https:\/\/estelle-beaute.fr\/wp-content\/uploads\/2023\/07\/articles-pbn-7-768x432.jpg 768w, https:\/\/estelle-beaute.fr\/wp-content\/uploads\/2023\/07\/articles-pbn-7-1536x864.jpg 1536w, https:\/\/estelle-beaute.fr\/wp-content\/uploads\/2023\/07\/articles-pbn-7.jpg 1920w\" sizes=\"auto, (max-width: 1024px) 100vw, 1024px\" \/><\/figure>\n\n<h2 class=\"wp-block-heading\">Ventajas e inconvenientes de las depiladoras faciales<\/h2>\n\n<h3 class=\"wp-block-heading\">Los beneficios<\/h3>\n\n<p>He aqu\u00ed algunas de las principales ventajas de las depiladoras faciales:<\/p>\n\n<ul class=\"wp-block-list\">\n<li><strong>Eficacia:<\/strong> Las depiladoras faciales eliminan incluso el vello m\u00e1s corto y fino de forma r\u00e1pida y precisa.<\/li>\n\n\n\n<li><strong>Resultados duraderos:<\/strong> a diferencia del afeitado, que corta el vello en la superficie de la piel, la depilaci\u00f3n arranca el vello de ra\u00edz, retrasando su rebrote.<\/li>\n\n\n\n<li><strong>Piel suave: La<\/strong> depilaci\u00f3n proporciona un resultado limpio y deja la piel suave y sin irritaciones.<\/li>\n\n\n\n<li><strong>Practicidad:<\/strong> Las depiladoras faciales suelen ser compactas y f\u00e1ciles de usar, por lo que son ideales para retoques y cuando est\u00e1s fuera de casa.<\/li>\n<\/ul>\n\n<h3 class=\"wp-block-heading\">Desventajas<\/h3>\n\n<p>Tambi\u00e9n hay que tener en cuenta algunos inconvenientes al utilizar una depiladora facial:<\/p>\n\n<ul class=\"wp-block-list\">\n<li><strong>Dolor:<\/strong> Seg\u00fan el m\u00e9todo de depilaci\u00f3n y la sensibilidad individual, la depilaci\u00f3n facial puede ser m\u00e1s o menos dolorosa.<\/li>\n\n\n\n<li><strong>Riesgo de irritaci\u00f3n:<\/strong> Algunos m\u00e9todos de depilaci\u00f3n pueden causar enrojecimiento o irritaci\u00f3n temporales, especialmente en pieles sensibles.<\/li>\n\n\n\n<li><strong>Precio:<\/strong> Las depiladoras el\u00e9ctricas y las m\u00e1quinas de depilar pueden representar una inversi\u00f3n inicial considerable, a pesar de su durabilidad y eficacia.<\/li>\n<\/ul>\n\n<figure class=\"wp-block-image size-large\"><img loading=\"lazy\" decoding=\"async\" width=\"1024\" height=\"576\" src=\"https:\/\/www.estelle-beaute.fr\/wp-content\/uploads\/2023\/07\/articles-pbn-3-2-1024x576.jpg\" alt=\"depiladora\" class=\"wp-image-35\" srcset=\"https:\/\/estelle-beaute.fr\/wp-content\/uploads\/2023\/07\/articles-pbn-3-2-1024x576.jpg 1024w, https:\/\/estelle-beaute.fr\/wp-content\/uploads\/2023\/07\/articles-pbn-3-2-300x169.jpg 300w, https:\/\/estelle-beaute.fr\/wp-content\/uploads\/2023\/07\/articles-pbn-3-2-768x432.jpg 768w, https:\/\/estelle-beaute.fr\/wp-content\/uploads\/2023\/07\/articles-pbn-3-2-1536x864.jpg 1536w, https:\/\/estelle-beaute.fr\/wp-content\/uploads\/2023\/07\/articles-pbn-3-2.jpg 1920w\" sizes=\"auto, (max-width: 1024px) 100vw, 1024px\" \/><\/figure>\n\n<h2 class=\"wp-block-heading\">Trucos y consejos para un uso \u00f3ptimo de las depiladoras faciales<\/h2>\n\n<p>Para aprovechar todos los beneficios de la depilaci\u00f3n facial, es importante seguir algunos consejos:<\/p>\n\n<ol class=\"wp-block-list\">\n<li><strong>Limpia tu piel:<\/strong> Antes de depilarte, aseg\u00farate de limpiarte la cara para eliminar las impurezas y el sebo que puedan estorbar.<\/li>\n\n\n\n<li><strong>Exf\u00f3liate con regularidad:<\/strong> La exfoliaci\u00f3n ayuda a eliminar las c\u00e9lulas muertas y favorece el crecimiento del vello sin riesgo de que se enquiste.<\/li>\n\n\n\n<li><strong>Hidrata tu piel:<\/strong> Despu\u00e9s de depilarte, aplica una crema hidratante para calmar y nutrir la piel.<\/li>\n\n\n\n<li><strong>Prueba el m\u00e9todo de depilaci\u00f3n:<\/strong> Si no est\u00e1s segura de qu\u00e9 m\u00e9todo de depilaci\u00f3n es el mejor para ti, prueba en una zona peque\u00f1a para comprobar la tolerancia de tu piel.<\/li>\n<\/ol>\n\n<figure class=\"wp-block-image size-large\"><img loading=\"lazy\" decoding=\"async\" width=\"1024\" height=\"576\" src=\"https:\/\/www.estelle-beaute.fr\/wp-content\/uploads\/2023\/07\/articles-pbn-6-1024x576.jpg\" alt=\"cuidado de la piel\" class=\"wp-image-34\" srcset=\"https:\/\/estelle-beaute.fr\/wp-content\/uploads\/2023\/07\/articles-pbn-6-1024x576.jpg 1024w, https:\/\/estelle-beaute.fr\/wp-content\/uploads\/2023\/07\/articles-pbn-6-300x169.jpg 300w, https:\/\/estelle-beaute.fr\/wp-content\/uploads\/2023\/07\/articles-pbn-6-768x432.jpg 768w, https:\/\/estelle-beaute.fr\/wp-content\/uploads\/2023\/07\/articles-pbn-6-1536x864.jpg 1536w, https:\/\/estelle-beaute.fr\/wp-content\/uploads\/2023\/07\/articles-pbn-6.jpg 1920w\" sizes=\"auto, (max-width: 1024px) 100vw, 1024px\" \/><\/figure>\n\n<h2 class=\"wp-block-heading\">\u00bfC\u00f3mo elijo una depiladora facial?<\/h2>\n\n<p>Para encontrar la depiladora facial adecuada para ti, aqu\u00ed tienes algunos criterios que debes tener en cuenta:<\/p>\n\n<ul class=\"wp-block-list\">\n<li><strong>Tipo de depilaci\u00f3n:<\/strong> Seg\u00fan tus preferencias y tu tolerancia al dolor, puedes optar por una depiladora el\u00e9ctrica, una afeitadora de cejas, una afeitadora facial o una depiladora.<\/li>\n\n\n\n<li><strong>Zona a depilar:<\/strong> Elige una depiladora adecuada a la zona que quieras depilar (cejas, labio superior, barbilla, etc.).<\/li>\n\n\n\n<li><strong>Presupuesto:<\/strong> Los precios de las depiladoras var\u00edan seg\u00fan el modelo y las caracter\u00edsticas. Averigua cu\u00e1nto est\u00e1s dispuesta a gastarte en una depiladora facial. <\/li>\n\n\n\n<li><strong>Facilidad de uso:<\/strong> opta por un modelo ergon\u00f3mico y f\u00e1cil de manejar para simplificar la depilaci\u00f3n facial.<\/li>\n<\/ul>\n\n<p>En resumen, una depiladora facial es una herramienta inestimable para conseguir una piel suave y clara, sin vello no deseado. T\u00f3mate tu tiempo para elegir el tipo de depiladora que mejor se adapte a ti, y sigue nuestros consejos para aprovechar al m\u00e1ximo sus ventajas. <\/p>\n","protected":false},"excerpt":{"rendered":"<p>Las depiladoras faciales se han convertido en una parte esencial de toda rutina de belleza. Eliminan eficazmente el vello facial y ofrecen una soluci\u00f3n r\u00e1pida y duradera para mantener la piel suave y limpia. Descubre los distintos tipos de depiladoras faciales, junto con sus ventajas y consejos de uso. Los distintos tipos de depiladora facial &#8230; <a title=\"Di adi\u00f3s al vello no deseado: Las mejores depiladoras para la cara\" class=\"read-more\" href=\"https:\/\/estelle-beaute.fr\/es\/di-adios-al-vello-no-deseado-las-mejores-depiladoras-para-la-cara\/\" aria-label=\"Leer m\u00e1s sobre Di adi\u00f3s al vello no deseado: Las mejores depiladoras para la cara\">Leer m\u00e1s<\/a><\/p>\n","protected":false},"author":1,"featured_media":2878,"comment_status":"open","ping_status":"open","sticky":false,"template":"","format":"standard","meta":{"footnotes":""},"categories":[117,114],"tags":[],"class_list":["post-2874","post","type-post","status-publish","format-standard","has-post-thumbnail","hentry","category-atencion","category-belleza"],"yoast_head":"<!-- This site is optimized with the Yoast SEO plugin v24.0 - https:\/\/yoast.com\/wordpress\/plugins\/seo\/ -->\n<title>Di adi\u00f3s al vello no deseado: Las mejores depiladoras para la cara - Estelle Beaut\u00e9<\/title>\n<meta name=\"robots\" content=\"index, follow, max-snippet:-1, max-image-preview:large, max-video-preview:-1\" \/>\n<link rel=\"canonical\" href=\"https:\/\/estelle-beaute.fr\/es\/di-adios-al-vello-no-deseado-las-mejores-depiladoras-para-la-cara\/\" \/>\n<meta property=\"og:locale\" content=\"es_ES\" \/>\n<meta property=\"og:type\" content=\"article\" \/>\n<meta property=\"og:title\" content=\"Di adi\u00f3s al vello no deseado: Las mejores depiladoras para la cara - Estelle Beaut\u00e9\" \/>\n<meta property=\"og:description\" content=\"Las depiladoras faciales se han convertido en una parte esencial de toda rutina de belleza. Eliminan eficazmente el vello facial y ofrecen una soluci\u00f3n r\u00e1pida y duradera para mantener la piel suave y limpia. Descubre los distintos tipos de depiladoras faciales, junto con sus ventajas y consejos de uso. Los distintos tipos de depiladora facial ... Leer m\u00e1s\" \/>\n<meta property=\"og:url\" content=\"https:\/\/estelle-beaute.fr\/es\/di-adios-al-vello-no-deseado-las-mejores-depiladoras-para-la-cara\/\" \/>\n<meta property=\"og:site_name\" content=\"Estelle Beaut\u00e9\" \/>\n<meta property=\"article:published_time\" content=\"2023-07-28T12:24:14+00:00\" \/>\n<meta property=\"article:modified_time\" content=\"2025-12-18T13:45:33+00:00\" \/>\n<meta property=\"og:image\" content=\"https:\/\/estelle-beaute.fr\/wp-content\/uploads\/2023\/07\/articles-pbn-5-1.jpg\" \/>\n\t<meta property=\"og:image:width\" content=\"1920\" \/>\n\t<meta property=\"og:image:height\" content=\"1080\" \/>\n\t<meta property=\"og:image:type\" content=\"image\/jpeg\" \/>\n<meta name=\"author\" content=\"estelle-beaute\" \/>\n<meta name=\"twitter:card\" content=\"summary_large_image\" \/>\n<meta name=\"twitter:label1\" content=\"Escrito por\" \/>\n\t<meta name=\"twitter:data1\" content=\"estelle-beaute\" \/>\n\t<meta name=\"twitter:label2\" content=\"Tiempo de lectura\" \/>\n\t<meta name=\"twitter:data2\" content=\"3 minutos\" \/>\n<script type=\"application\/ld+json\" class=\"yoast-schema-graph\">{\"@context\":\"https:\/\/schema.org\",\"@graph\":[{\"@type\":\"Article\",\"@id\":\"https:\/\/estelle-beaute.fr\/es\/di-adios-al-vello-no-deseado-las-mejores-depiladoras-para-la-cara\/#article\",\"isPartOf\":{\"@id\":\"https:\/\/estelle-beaute.fr\/es\/di-adios-al-vello-no-deseado-las-mejores-depiladoras-para-la-cara\/\"},\"author\":{\"name\":\"estelle-beaute\",\"@id\":\"https:\/\/estelle-beaute.fr\/es\/#\/schema\/person\/78d87ce70522aee53cfb037f3620926a\"},\"headline\":\"Di adi\u00f3s al vello no deseado: Las mejores depiladoras para la cara\",\"datePublished\":\"2023-07-28T12:24:14+00:00\",\"dateModified\":\"2025-12-18T13:45:33+00:00\",\"mainEntityOfPage\":{\"@id\":\"https:\/\/estelle-beaute.fr\/es\/di-adios-al-vello-no-deseado-las-mejores-depiladoras-para-la-cara\/\"},\"wordCount\":710,\"commentCount\":0,\"publisher\":{\"@id\":\"https:\/\/estelle-beaute.fr\/es\/#organization\"},\"image\":{\"@id\":\"https:\/\/estelle-beaute.fr\/es\/di-adios-al-vello-no-deseado-las-mejores-depiladoras-para-la-cara\/#primaryimage\"},\"thumbnailUrl\":\"https:\/\/estelle-beaute.fr\/wp-content\/uploads\/2023\/07\/articles-pbn-5-1.jpg\",\"articleSection\":[\"Atenci\u00f3n\",\"Belleza\"],\"inLanguage\":\"es\",\"potentialAction\":[{\"@type\":\"CommentAction\",\"name\":\"Comment\",\"target\":[\"https:\/\/estelle-beaute.fr\/es\/di-adios-al-vello-no-deseado-las-mejores-depiladoras-para-la-cara\/#respond\"]}]},{\"@type\":\"WebPage\",\"@id\":\"https:\/\/estelle-beaute.fr\/es\/di-adios-al-vello-no-deseado-las-mejores-depiladoras-para-la-cara\/\",\"url\":\"https:\/\/estelle-beaute.fr\/es\/di-adios-al-vello-no-deseado-las-mejores-depiladoras-para-la-cara\/\",\"name\":\"Di adi\u00f3s al vello no deseado: Las mejores depiladoras para la cara - Estelle Beaut\u00e9\",\"isPartOf\":{\"@id\":\"https:\/\/estelle-beaute.fr\/es\/#website\"},\"primaryImageOfPage\":{\"@id\":\"https:\/\/estelle-beaute.fr\/es\/di-adios-al-vello-no-deseado-las-mejores-depiladoras-para-la-cara\/#primaryimage\"},\"image\":{\"@id\":\"https:\/\/estelle-beaute.fr\/es\/di-adios-al-vello-no-deseado-las-mejores-depiladoras-para-la-cara\/#primaryimage\"},\"thumbnailUrl\":\"https:\/\/estelle-beaute.fr\/wp-content\/uploads\/2023\/07\/articles-pbn-5-1.jpg\",\"datePublished\":\"2023-07-28T12:24:14+00:00\",\"dateModified\":\"2025-12-18T13:45:33+00:00\",\"breadcrumb\":{\"@id\":\"https:\/\/estelle-beaute.fr\/es\/di-adios-al-vello-no-deseado-las-mejores-depiladoras-para-la-cara\/#breadcrumb\"},\"inLanguage\":\"es\",\"potentialAction\":[{\"@type\":\"ReadAction\",\"target\":[\"https:\/\/estelle-beaute.fr\/es\/di-adios-al-vello-no-deseado-las-mejores-depiladoras-para-la-cara\/\"]}]},{\"@type\":\"ImageObject\",\"inLanguage\":\"es\",\"@id\":\"https:\/\/estelle-beaute.fr\/es\/di-adios-al-vello-no-deseado-las-mejores-depiladoras-para-la-cara\/#primaryimage\",\"url\":\"https:\/\/estelle-beaute.fr\/wp-content\/uploads\/2023\/07\/articles-pbn-5-1.jpg\",\"contentUrl\":\"https:\/\/estelle-beaute.fr\/wp-content\/uploads\/2023\/07\/articles-pbn-5-1.jpg\",\"width\":1920,\"height\":1080,\"caption\":\"cuidado de la piel\"},{\"@type\":\"BreadcrumbList\",\"@id\":\"https:\/\/estelle-beaute.fr\/es\/di-adios-al-vello-no-deseado-las-mejores-depiladoras-para-la-cara\/#breadcrumb\",\"itemListElement\":[{\"@type\":\"ListItem\",\"position\":1,\"name\":\"Accueil\",\"item\":\"https:\/\/estelle-beaute.fr\/es\/blog-de-belleza-secretos-de-la-piel-consejos-antiedad-y-mucho-mas\/\"},{\"@type\":\"ListItem\",\"position\":2,\"name\":\"Di adi\u00f3s al vello no deseado: Las mejores depiladoras para la cara\"}]},{\"@type\":\"WebSite\",\"@id\":\"https:\/\/estelle-beaute.fr\/es\/#website\",\"url\":\"https:\/\/estelle-beaute.fr\/es\/\",\"name\":\"Estelle Beaut\u00e9\",\"description\":\"\",\"publisher\":{\"@id\":\"https:\/\/estelle-beaute.fr\/es\/#organization\"},\"potentialAction\":[{\"@type\":\"SearchAction\",\"target\":{\"@type\":\"EntryPoint\",\"urlTemplate\":\"https:\/\/estelle-beaute.fr\/es\/?s={search_term_string}\"},\"query-input\":{\"@type\":\"PropertyValueSpecification\",\"valueRequired\":true,\"valueName\":\"search_term_string\"}}],\"inLanguage\":\"es\"},{\"@type\":\"Organization\",\"@id\":\"https:\/\/estelle-beaute.fr\/es\/#organization\",\"name\":\"Estelle Beaut\u00e9\",\"url\":\"https:\/\/estelle-beaute.fr\/es\/\",\"logo\":{\"@type\":\"ImageObject\",\"inLanguage\":\"es\",\"@id\":\"https:\/\/estelle-beaute.fr\/es\/#\/schema\/logo\/image\/\",\"url\":\"https:\/\/estelle-beaute.fr\/wp-content\/uploads\/2023\/07\/cropped-cropped-pbn.png\",\"contentUrl\":\"https:\/\/estelle-beaute.fr\/wp-content\/uploads\/2023\/07\/cropped-cropped-pbn.png\",\"width\":411,\"height\":294,\"caption\":\"Estelle Beaut\u00e9\"},\"image\":{\"@id\":\"https:\/\/estelle-beaute.fr\/es\/#\/schema\/logo\/image\/\"}},{\"@type\":\"Person\",\"@id\":\"https:\/\/estelle-beaute.fr\/es\/#\/schema\/person\/78d87ce70522aee53cfb037f3620926a\",\"name\":\"estelle-beaute\",\"image\":{\"@type\":\"ImageObject\",\"inLanguage\":\"es\",\"@id\":\"https:\/\/estelle-beaute.fr\/es\/#\/schema\/person\/image\/\",\"url\":\"https:\/\/secure.gravatar.com\/avatar\/d455e3a9ffab365baea6a8f87f78503bc50bf10046c24beaac9566f23dcc5250?s=96&d=mm&r=g\",\"contentUrl\":\"https:\/\/secure.gravatar.com\/avatar\/d455e3a9ffab365baea6a8f87f78503bc50bf10046c24beaac9566f23dcc5250?s=96&d=mm&r=g\",\"caption\":\"estelle-beaute\"},\"sameAs\":[\"https:\/\/www.estelle-beaute.fr\"],\"url\":\"https:\/\/estelle-beaute.fr\/es\/author\/estelle-beaute\/\"}]}<\/script>\n<!-- \/ Yoast SEO plugin. -->","yoast_head_json":{"title":"Di adi\u00f3s al vello no deseado: Las mejores depiladoras para la cara - Estelle Beaut\u00e9","robots":{"index":"index","follow":"follow","max-snippet":"max-snippet:-1","max-image-preview":"max-image-preview:large","max-video-preview":"max-video-preview:-1"},"canonical":"https:\/\/estelle-beaute.fr\/es\/di-adios-al-vello-no-deseado-las-mejores-depiladoras-para-la-cara\/","og_locale":"es_ES","og_type":"article","og_title":"Di adi\u00f3s al vello no deseado: Las mejores depiladoras para la cara - Estelle Beaut\u00e9","og_description":"Las depiladoras faciales se han convertido en una parte esencial de toda rutina de belleza. Eliminan eficazmente el vello facial y ofrecen una soluci\u00f3n r\u00e1pida y duradera para mantener la piel suave y limpia. Descubre los distintos tipos de depiladoras faciales, junto con sus ventajas y consejos de uso. Los distintos tipos de depiladora facial ... Leer m\u00e1s","og_url":"https:\/\/estelle-beaute.fr\/es\/di-adios-al-vello-no-deseado-las-mejores-depiladoras-para-la-cara\/","og_site_name":"Estelle Beaut\u00e9","article_published_time":"2023-07-28T12:24:14+00:00","article_modified_time":"2025-12-18T13:45:33+00:00","og_image":[{"width":1920,"height":1080,"url":"https:\/\/estelle-beaute.fr\/wp-content\/uploads\/2023\/07\/articles-pbn-5-1.jpg","type":"image\/jpeg"}],"author":"estelle-beaute","twitter_card":"summary_large_image","twitter_misc":{"Escrito por":"estelle-beaute","Tiempo de lectura":"3 minutos"},"schema":{"@context":"https:\/\/schema.org","@graph":[{"@type":"Article","@id":"https:\/\/estelle-beaute.fr\/es\/di-adios-al-vello-no-deseado-las-mejores-depiladoras-para-la-cara\/#article","isPartOf":{"@id":"https:\/\/estelle-beaute.fr\/es\/di-adios-al-vello-no-deseado-las-mejores-depiladoras-para-la-cara\/"},"author":{"name":"estelle-beaute","@id":"https:\/\/estelle-beaute.fr\/es\/#\/schema\/person\/78d87ce70522aee53cfb037f3620926a"},"headline":"Di adi\u00f3s al vello no deseado: Las mejores depiladoras para la cara","datePublished":"2023-07-28T12:24:14+00:00","dateModified":"2025-12-18T13:45:33+00:00","mainEntityOfPage":{"@id":"https:\/\/estelle-beaute.fr\/es\/di-adios-al-vello-no-deseado-las-mejores-depiladoras-para-la-cara\/"},"wordCount":710,"commentCount":0,"publisher":{"@id":"https:\/\/estelle-beaute.fr\/es\/#organization"},"image":{"@id":"https:\/\/estelle-beaute.fr\/es\/di-adios-al-vello-no-deseado-las-mejores-depiladoras-para-la-cara\/#primaryimage"},"thumbnailUrl":"https:\/\/estelle-beaute.fr\/wp-content\/uploads\/2023\/07\/articles-pbn-5-1.jpg","articleSection":["Atenci\u00f3n","Belleza"],"inLanguage":"es","potentialAction":[{"@type":"CommentAction","name":"Comment","target":["https:\/\/estelle-beaute.fr\/es\/di-adios-al-vello-no-deseado-las-mejores-depiladoras-para-la-cara\/#respond"]}]},{"@type":"WebPage","@id":"https:\/\/estelle-beaute.fr\/es\/di-adios-al-vello-no-deseado-las-mejores-depiladoras-para-la-cara\/","url":"https:\/\/estelle-beaute.fr\/es\/di-adios-al-vello-no-deseado-las-mejores-depiladoras-para-la-cara\/","name":"Di adi\u00f3s al vello no deseado: Las mejores depiladoras para la cara - Estelle Beaut\u00e9","isPartOf":{"@id":"https:\/\/estelle-beaute.fr\/es\/#website"},"primaryImageOfPage":{"@id":"https:\/\/estelle-beaute.fr\/es\/di-adios-al-vello-no-deseado-las-mejores-depiladoras-para-la-cara\/#primaryimage"},"image":{"@id":"https:\/\/estelle-beaute.fr\/es\/di-adios-al-vello-no-deseado-las-mejores-depiladoras-para-la-cara\/#primaryimage"},"thumbnailUrl":"https:\/\/estelle-beaute.fr\/wp-content\/uploads\/2023\/07\/articles-pbn-5-1.jpg","datePublished":"2023-07-28T12:24:14+00:00","dateModified":"2025-12-18T13:45:33+00:00","breadcrumb":{"@id":"https:\/\/estelle-beaute.fr\/es\/di-adios-al-vello-no-deseado-las-mejores-depiladoras-para-la-cara\/#breadcrumb"},"inLanguage":"es","potentialAction":[{"@type":"ReadAction","target":["https:\/\/estelle-beaute.fr\/es\/di-adios-al-vello-no-deseado-las-mejores-depiladoras-para-la-cara\/"]}]},{"@type":"ImageObject","inLanguage":"es","@id":"https:\/\/estelle-beaute.fr\/es\/di-adios-al-vello-no-deseado-las-mejores-depiladoras-para-la-cara\/#primaryimage","url":"https:\/\/estelle-beaute.fr\/wp-content\/uploads\/2023\/07\/articles-pbn-5-1.jpg","contentUrl":"https:\/\/estelle-beaute.fr\/wp-content\/uploads\/2023\/07\/articles-pbn-5-1.jpg","width":1920,"height":1080,"caption":"cuidado de la piel"},{"@type":"BreadcrumbList","@id":"https:\/\/estelle-beaute.fr\/es\/di-adios-al-vello-no-deseado-las-mejores-depiladoras-para-la-cara\/#breadcrumb","itemListElement":[{"@type":"ListItem","position":1,"name":"Accueil","item":"https:\/\/estelle-beaute.fr\/es\/blog-de-belleza-secretos-de-la-piel-consejos-antiedad-y-mucho-mas\/"},{"@type":"ListItem","position":2,"name":"Di adi\u00f3s al vello no deseado: Las mejores depiladoras para la cara"}]},{"@type":"WebSite","@id":"https:\/\/estelle-beaute.fr\/es\/#website","url":"https:\/\/estelle-beaute.fr\/es\/","name":"Estelle Beaut\u00e9","description":"","publisher":{"@id":"https:\/\/estelle-beaute.fr\/es\/#organization"},"potentialAction":[{"@type":"SearchAction","target":{"@type":"EntryPoint","urlTemplate":"https:\/\/estelle-beaute.fr\/es\/?s={search_term_string}"},"query-input":{"@type":"PropertyValueSpecification","valueRequired":true,"valueName":"search_term_string"}}],"inLanguage":"es"},{"@type":"Organization","@id":"https:\/\/estelle-beaute.fr\/es\/#organization","name":"Estelle Beaut\u00e9","url":"https:\/\/estelle-beaute.fr\/es\/","logo":{"@type":"ImageObject","inLanguage":"es","@id":"https:\/\/estelle-beaute.fr\/es\/#\/schema\/logo\/image\/","url":"https:\/\/estelle-beaute.fr\/wp-content\/uploads\/2023\/07\/cropped-cropped-pbn.png","contentUrl":"https:\/\/estelle-beaute.fr\/wp-content\/uploads\/2023\/07\/cropped-cropped-pbn.png","width":411,"height":294,"caption":"Estelle Beaut\u00e9"},"image":{"@id":"https:\/\/estelle-beaute.fr\/es\/#\/schema\/logo\/image\/"}},{"@type":"Person","@id":"https:\/\/estelle-beaute.fr\/es\/#\/schema\/person\/78d87ce70522aee53cfb037f3620926a","name":"estelle-beaute","image":{"@type":"ImageObject","inLanguage":"es","@id":"https:\/\/estelle-beaute.fr\/es\/#\/schema\/person\/image\/","url":"https:\/\/secure.gravatar.com\/avatar\/d455e3a9ffab365baea6a8f87f78503bc50bf10046c24beaac9566f23dcc5250?s=96&d=mm&r=g","contentUrl":"https:\/\/secure.gravatar.com\/avatar\/d455e3a9ffab365baea6a8f87f78503bc50bf10046c24beaac9566f23dcc5250?s=96&d=mm&r=g","caption":"estelle-beaute"},"sameAs":["https:\/\/www.estelle-beaute.fr"],"url":"https:\/\/estelle-beaute.fr\/es\/author\/estelle-beaute\/"}]}},"_links":{"self":[{"href":"https:\/\/estelle-beaute.fr\/es\/wp-json\/wp\/v2\/posts\/2874","targetHints":{"allow":["GET"]}}],"collection":[{"href":"https:\/\/estelle-beaute.fr\/es\/wp-json\/wp\/v2\/posts"}],"about":[{"href":"https:\/\/estelle-beaute.fr\/es\/wp-json\/wp\/v2\/types\/post"}],"author":[{"embeddable":true,"href":"https:\/\/estelle-beaute.fr\/es\/wp-json\/wp\/v2\/users\/1"}],"replies":[{"embeddable":true,"href":"https:\/\/estelle-beaute.fr\/es\/wp-json\/wp\/v2\/comments?post=2874"}],"version-history":[{"count":1,"href":"https:\/\/estelle-beaute.fr\/es\/wp-json\/wp\/v2\/posts\/2874\/revisions"}],"predecessor-version":[{"id":2879,"href":"https:\/\/estelle-beaute.fr\/es\/wp-json\/wp\/v2\/posts\/2874\/revisions\/2879"}],"wp:featuredmedia":[{"embeddable":true,"href":"https:\/\/estelle-beaute.fr\/es\/wp-json\/wp\/v2\/media\/2878"}],"wp:attachment":[{"href":"https:\/\/estelle-beaute.fr\/es\/wp-json\/wp\/v2\/media?parent=2874"}],"wp:term":[{"taxonomy":"category","embeddable":true,"href":"https:\/\/estelle-beaute.fr\/es\/wp-json\/wp\/v2\/categories?post=2874"},{"taxonomy":"post_tag","embeddable":true,"href":"https:\/\/estelle-beaute.fr\/es\/wp-json\/wp\/v2\/tags?post=2874"}],"curies":[{"name":"wp","href":"https:\/\/api.w.org\/{rel}","templated":true}]}}